{"id":246,"date":"2021-05-20T20:33:43","date_gmt":"2021-05-21T01:33:43","guid":{"rendered":"https:\/\/www.picperu.com\/blog\/?p=246"},"modified":"2021-05-20T20:33:43","modified_gmt":"2021-05-21T01:33:43","slug":"asoporci-realizara-webinar-internacional-por-su-35-aniversario","status":"publish","type":"post","link":"https:\/\/www.picperu.com\/blog\/asoporci-realizara-webinar-internacional-por-su-35-aniversario\/","title":{"rendered":"ASOPORCI realizar\u00e1 webinar internacional por su 35\u00b0 aniversario"},"content":{"rendered":"<p><strong>Fuente: Asoporci<\/strong><\/p>\n<p>La Asociaci\u00f3n Peruana de Porcicultores est\u00e1 pr\u00f3xima a cumplir su 35\u00b0 aniversario, con motivo de este acontecimiento realizar\u00e1 un webinar internacional que enfocar\u00e1 temas t\u00e9cnicos de coyuntura productiva porcina, el cual se realizar\u00e1 del \u00a024 al 28 de mayo. Este evento ser\u00e1 gratuito y para registrarse se debe ingresar al link:\u00a0<a href=\"https:\/\/forms.gle\/zVefF417Z1G8Zphs6\" rel=\"nofollow\">https:\/\/forms.gle\/zVefF417Z1G8Zphs6<\/a><\/p>\n<p>Asoporci, en el marco del desarrollo de este evento, agradeci\u00f3 a las empresas aliadas a su gremio, quienes junto a US Grains Council y la Embajada de Dinamarca en el Per\u00fa, han colaborado en la organizaci\u00f3n de este webinar.<\/p>\n<p>Para conocer mayores detalles sobre las ponencias la Semana de Asoporci, debe ingresar al link del evento y conoce los temas de las ponencias \u2192\u00a0<a href=\"https:\/\/www.facebook.com\/events\/504852127539721\/?ref=newsfeed\" rel=\"nofollow\">https:\/\/www.facebook.com\/events\/504852127539721\/?ref=newsfeed<\/a><\/p>\n<p class=\"has-text-align-center\"><img loading=\"lazy\" decoding=\"async\" class=\"wp-image-30083 jetpack-lazy-image jetpack-lazy-image--handled\" src=\"https:\/\/actualidadporcina.com\/wp-content\/uploads\/2021\/05\/AFICHE.jpg\" sizes=\"auto, (max-width: 1080px) 100vw, 1080px\" srcset=\"https:\/\/actualidadporcina.com\/wp-content\/uploads\/2021\/05\/AFICHE.jpg 1080w, https:\/\/actualidadporcina.com\/wp-content\/uploads\/2021\/05\/AFICHE-300x300.jpg 300w, https:\/\/actualidadporcina.com\/wp-content\/uploads\/2021\/05\/AFICHE-1024x1024.jpg 1024w, https:\/\/actualidadporcina.com\/wp-content\/uploads\/2021\/05\/AFICHE-150x150.jpg?crop=1 150w, https:\/\/actualidadporcina.com\/wp-content\/uploads\/2021\/05\/AFICHE-768x768.jpg 768w, https:\/\/actualidadporcina.com\/wp-content\/uploads\/2021\/05\/AFICHE-120x120.jpg?crop=1 120w, https:\/\/actualidadporcina.com\/wp-content\/uploads\/2021\/05\/AFICHE-360x360.jpg?crop=1 360w, https:\/\/actualidadporcina.com\/wp-content\/uploads\/2021\/05\/AFICHE-580x580.jpg 580w, https:\/\/actualidadporcina.com\/wp-content\/uploads\/2021\/05\/AFICHE-860x860.jpg 860w, https:\/\/actualidadporcina.com\/wp-content\/uploads\/2021\/05\/AFICHE-800x800.jpg?crop=1 800w, https:\/\/actualidadporcina.com\/wp-content\/uploads\/2021\/05\/AFICHE-400x400.jpg?crop=1 400w, https:\/\/actualidadporcina.com\/wp-content\/uploads\/2021\/05\/AFICHE-200x200.jpg?crop=1 200w\" alt=\"\" width=\"1080\" height=\"1080\" data-attachment-id=\"30083\" data-permalink=\"https:\/\/actualidadporcina.com\/asoporci-desarrollara-webinar-internacional-por-su-35-aniversario\/afiche\/\" data-orig-file=\"https:\/\/actualidadporcina.com\/wp-content\/uploads\/2021\/05\/AFICHE.jpg\" data-orig-size=\"1080,1080\" data-comments-opened=\"1\" data-image-meta=\"{&quot;aperture&quot;:&quot;0&quot;,&quot;credit&quot;:&quot;&quot;,&quot;camera&quot;:&quot;&quot;,&quot;caption&quot;:&quot;&quot;,&quot;created_timestamp&quot;:&quot;0&quot;,&quot;copyright&quot;:&quot;&quot;,&quot;focal_length&quot;:&quot;0&quot;,&quot;iso&quot;:&quot;0&quot;,&quot;shutter_speed&quot;:&quot;0&quot;,&quot;title&quot;:&quot;&quot;,&quot;orientation&quot;:&quot;0&quot;}\" data-image-title=\"AFICHE\" data-image-description=\"\" data-medium-file=\"https:\/\/actualidadporcina.com\/wp-content\/uploads\/2021\/05\/AFICHE-300x300.jpg\" data-large-file=\"https:\/\/actualidadporcina.com\/wp-content\/uploads\/2021\/05\/AFICHE-1024x1024.jpg\" data-lazy-loaded=\"1\" \/><\/p>\n","protected":false},"excerpt":{"rendered":"<p>Fuente: Asoporci La Asociaci\u00f3n Peruana de Porcicultores est\u00e1 pr\u00f3xima a cumplir su 35\u00b0 aniversario, con motivo de este acontecimiento realizar\u00e1 un webinar internacional que enfocar\u00e1 temas t\u00e9cnicos de coyuntura productiva porcina, el cual se&#46;&#46;&#46;<\/p>\n","protected":false},"author":2,"featured_media":247,"comment_status":"open","ping_status":"open","sticky":false,"template":"","format":"link","meta":{"footnotes":""},"categories":[1],"tags":[],"class_list":["post-246","post","type-post","status-publish","format-link","has-post-thumbnail","hentry","category-noticias","post_format-post-format-link"],"_links":{"self":[{"href":"https:\/\/www.picperu.com\/blog\/wp-json\/wp\/v2\/posts\/246","targetHints":{"allow":["GET"]}}],"collection":[{"href":"https:\/\/www.picperu.com\/blog\/wp-json\/wp\/v2\/posts"}],"about":[{"href":"https:\/\/www.picperu.com\/blog\/wp-json\/wp\/v2\/types\/post"}],"author":[{"embeddable":true,"href":"https:\/\/www.picperu.com\/blog\/wp-json\/wp\/v2\/users\/2"}],"replies":[{"embeddable":true,"href":"https:\/\/www.picperu.com\/blog\/wp-json\/wp\/v2\/comments?post=246"}],"version-history":[{"count":1,"href":"https:\/\/www.picperu.com\/blog\/wp-json\/wp\/v2\/posts\/246\/revisions"}],"predecessor-version":[{"id":248,"href":"https:\/\/www.picperu.com\/blog\/wp-json\/wp\/v2\/posts\/246\/revisions\/248"}],"wp:featuredmedia":[{"embeddable":true,"href":"https:\/\/www.picperu.com\/blog\/wp-json\/wp\/v2\/media\/247"}],"wp:attachment":[{"href":"https:\/\/www.picperu.com\/blog\/wp-json\/wp\/v2\/media?parent=246"}],"wp:term":[{"taxonomy":"category","embeddable":true,"href":"https:\/\/www.picperu.com\/blog\/wp-json\/wp\/v2\/categories?post=246"},{"taxonomy":"post_tag","embeddable":true,"href":"https:\/\/www.picperu.com\/blog\/wp-json\/wp\/v2\/tags?post=246"}],"curies":[{"name":"wp","href":"https:\/\/api.w.org\/{rel}","templated":true}]}}