{"id":185,"date":"2020-04-28T12:56:00","date_gmt":"2020-04-28T17:56:00","guid":{"rendered":"https:\/\/www.picperu.com\/blog\/?p=185"},"modified":"2020-04-28T12:56:00","modified_gmt":"2020-04-28T17:56:00","slug":"hasta-junio-se-mantendran-las-afectaciones-en-el-sector-porcicola-global-por-el-covid-19","status":"publish","type":"post","link":"https:\/\/www.picperu.com\/blog\/hasta-junio-se-mantendran-las-afectaciones-en-el-sector-porcicola-global-por-el-covid-19\/","title":{"rendered":"Hasta Junio se mantendr\u00e1n las afectaciones en el sector porc\u00edcola global por el Covid &#8211; 19"},"content":{"rendered":"<p><em>\u2022 Analistas indicaron que los precios por cabeza se mostrar\u00e1n vol\u00e1tiles por una combinaci\u00f3n de un flujo continuo hacia China y un menor consumo local en otros pa\u00edses por el cambio en las dietas.<\/em><\/p>\n<p>Estimaciones de Rabobank apuntaron que las afectaciones provocadas por el Covid-19 (coronavirus) en el mercado de la carne de cerdo continuar\u00e1n, provocando que \u00e9ste\u00a0<strong>se siga modificando a lo largo del seg<\/strong><strong>undo trimestre del a\u00f1o<\/strong>, principalmente en el plano internacional.<img loading=\"lazy\" decoding=\"async\" class=\"wp-image-186 alignright\" src=\"https:\/\/www.picperu.com\/blog\/wp-content\/uploads\/2020\/04\/Imagen1.jpgPost-28-A.jpg-VF-300x190.jpg\" alt=\"\" width=\"279\" height=\"177\" srcset=\"https:\/\/www.picperu.com\/blog\/wp-content\/uploads\/2020\/04\/Imagen1.jpgPost-28-A.jpg-VF-300x190.jpg 300w, https:\/\/www.picperu.com\/blog\/wp-content\/uploads\/2020\/04\/Imagen1.jpgPost-28-A.jpg-VF.jpg 600w\" sizes=\"auto, (max-width: 279px) 100vw, 279px\" \/><\/p>\n<p>En un reporte se indic\u00f3 que esto <strong>aplicar\u00eda tanto para la producci\u00f3n como para el consumo<\/strong>, a causa de los cierres de rutas comerciales, los esfuerzos por garantizar el abasto local y los cambios en las tendencias de alimentaci\u00f3n con las nuevas medidas cuarentenarias para evitar la propagaci\u00f3n.<\/p>\n<p>Derivado de esto, los analistas de la entidad financiera holandesa pronostican que las previsiones hechas para este a\u00f1o relativas a la oferta y la demanda, se mostrar\u00e1n reducidas\u00a0en comparaci\u00f3n con las realizadas antes del inicio de la pandemia.<\/p>\n<p>No obstante, se espera que la compra por parte de China\u00a0<strong>contin\u00fae impulsando la comercializaci\u00f3n hacia e<\/strong><strong>l e<\/strong><strong>xtranjero<\/strong> de aquellas regiones que est\u00e1n viendo mermada su ingesta dom\u00e9stica y, por lo tanto, reduciendo los precios de los cerdos y las ganancias de los porcicultores.<\/p>\n<p>Por otro lado, la\u00a0<strong>Uni\u00f3n Europea y Brasil\u00a0<\/strong>contin\u00faan viendo una tendencia alcista en los env\u00edos hacia China, lo que ha compensando la falta de comercializaci\u00f3n a trav\u00e9s de puntos comerciales locales, no obstante, se prev\u00e9 que el incremento en el precio de los insumos en el pa\u00eds sudamericano mermar\u00e1 la producci\u00f3n.<\/p>\n","protected":false},"excerpt":{"rendered":"<p>\u2022 Analistas indicaron que los precios por cabeza se mostrar\u00e1n vol\u00e1tiles por una combinaci\u00f3n de un flujo continuo hacia China y un menor consumo local en otros pa\u00edses por el cambio en las dietas.&#46;&#46;&#46;<\/p>\n","protected":false},"author":2,"featured_media":186,"comment_status":"open","ping_status":"open","sticky":false,"template":"","format":"link","meta":{"footnotes":""},"categories":[1],"tags":[],"class_list":["post-185","post","type-post","status-publish","format-link","has-post-thumbnail","hentry","category-noticias","post_format-post-format-link"],"_links":{"self":[{"href":"https:\/\/www.picperu.com\/blog\/wp-json\/wp\/v2\/posts\/185","targetHints":{"allow":["GET"]}}],"collection":[{"href":"https:\/\/www.picperu.com\/blog\/wp-json\/wp\/v2\/posts"}],"about":[{"href":"https:\/\/www.picperu.com\/blog\/wp-json\/wp\/v2\/types\/post"}],"author":[{"embeddable":true,"href":"https:\/\/www.picperu.com\/blog\/wp-json\/wp\/v2\/users\/2"}],"replies":[{"embeddable":true,"href":"https:\/\/www.picperu.com\/blog\/wp-json\/wp\/v2\/comments?post=185"}],"version-history":[{"count":3,"href":"https:\/\/www.picperu.com\/blog\/wp-json\/wp\/v2\/posts\/185\/revisions"}],"predecessor-version":[{"id":189,"href":"https:\/\/www.picperu.com\/blog\/wp-json\/wp\/v2\/posts\/185\/revisions\/189"}],"wp:featuredmedia":[{"embeddable":true,"href":"https:\/\/www.picperu.com\/blog\/wp-json\/wp\/v2\/media\/186"}],"wp:attachment":[{"href":"https:\/\/www.picperu.com\/blog\/wp-json\/wp\/v2\/media?parent=185"}],"wp:term":[{"taxonomy":"category","embeddable":true,"href":"https:\/\/www.picperu.com\/blog\/wp-json\/wp\/v2\/categories?post=185"},{"taxonomy":"post_tag","embeddable":true,"href":"https:\/\/www.picperu.com\/blog\/wp-json\/wp\/v2\/tags?post=185"}],"curies":[{"name":"wp","href":"https:\/\/api.w.org\/{rel}","templated":true}]}}